{"id":982,"date":"2019-07-07T17:01:35","date_gmt":"2019-07-07T17:01:35","guid":{"rendered":"http:\/\/www.bsv-meschede.de\/?p=982"},"modified":"2019-07-07T17:01:35","modified_gmt":"2019-07-07T17:01:35","slug":"3-landesspiele-special-olympics-nrw-und-4-nrw-landesturnfest","status":"publish","type":"post","link":"https:\/\/www.bsv-meschede.de\/?p=982","title":{"rendered":"3.Landesspiele &#8222;Special Olympics &#8220; NRW und 4. NRW Landesturnfest"},"content":{"rendered":"<h2 align=\"center\"><\/h2>\n<h2 align=\"center\"><a href=\"http:\/\/www.bsv-meschede.de\/wp-content\/uploads\/2019\/07\/csm_Galerie_1500x1000px_Motto_LTF2019_f5f0fdcefb1.jpg\"><img loading=\"lazy\" decoding=\"async\" class=\"aligncenter size-medium wp-image-985\" title=\"csm_Galerie_1500x1000px_Motto_LTF2019_f5f0fdcefb\" src=\"http:\/\/www.bsv-meschede.de\/wp-content\/uploads\/2019\/07\/csm_Galerie_1500x1000px_Motto_LTF2019_f5f0fdcefb1-300x200.jpg\" alt=\"\" width=\"300\" height=\"200\" srcset=\"https:\/\/www.bsv-meschede.de\/wp-content\/uploads\/2019\/07\/csm_Galerie_1500x1000px_Motto_LTF2019_f5f0fdcefb1-300x200.jpg 300w, https:\/\/www.bsv-meschede.de\/wp-content\/uploads\/2019\/07\/csm_Galerie_1500x1000px_Motto_LTF2019_f5f0fdcefb1-1024x682.jpg 1024w, https:\/\/www.bsv-meschede.de\/wp-content\/uploads\/2019\/07\/csm_Galerie_1500x1000px_Motto_LTF2019_f5f0fdcefb1.jpg 1200w\" sizes=\"auto, (max-width: 300px) 100vw, 300px\" \/><\/a><\/h2>\n<h2 align=\"center\"><\/h2>\n<h2 align=\"center\"><\/h2>\n<h2 align=\"center\"><\/h2>\n<h2 align=\"center\"><\/h2>\n<h2 align=\"center\"><\/h2>\n<h2 align=\"center\"><strong><span style=\"text-decoration: underline; color: #0000ff;\">3. Landesspiele &#8222;Special Olympics&#8220; NRW\u00a0 und 4. NRW Landesturnfest.<\/span><\/strong><em><\/em><\/h2>\n<p>&nbsp;<\/p>\n<h4 style=\"text-align: center;\"><span style=\"color: #339966;\"><strong>Unter dem Motto &#8220; Gemeinsam-Besonderes-Sportlich&#8220; fand vom 19.06.-23.06.2019 in Hamm das gr\u00f6\u00dfte inklusive Sportevent Deutschlands statt.<\/strong><\/span><\/h4>\n<p>&nbsp;<\/p>\n<p><strong>1200 Athletinnen und Athleten mit einem geistigen Handicap nahmen in 13 Sportarten an den Wettbewerben teil. Gemeinsam mit 5000 Turnern brachten so etwa 9000 Sportler, Trainer und Helfer eine Menge Emotionen, Spannung, Spa\u00df, Vielfalt und Unvergessliches in die Stadt Hamm. Die Stadt bot ein tolles 4 t\u00e4giges Programm. Zuerst sind die 175 Delegationen vom Rathaus zum Marktplatz eingezogen. Dann fand eine gro\u00dfe Er\u00f6ffnungsfeier mit olympischem Zeremoniell statt. Leider &#8222;verhagelte&#8220; Blitz und Donner\u00a0 vorzeitig das Ende der Feier. Zum weiteren Programm geh\u00f6rte ein Gesundheitsprogramm, eine Athletendisco, ein Mitmachangebot verschiedener Sportarten auf einer &#8222;Erlebnismeile, die sportlichen Wettk\u00e4mpfe und zum Ende eine Abschlussfeier mit einem gro\u00dfen Musikevent.<\/strong><\/p>\n<p>&nbsp;<\/p>\n<p><strong>100 Judokas aus 11 Vereinen und Institutionen NRW`s nahmen am ersten Tag an einem gemeinsamen Training teil. Am zweiten Tag stellten sich die ID-Judokas\u00a0 \u00a0\u00a0\u00a0\u00a0\u00a0\u00a0\u00a0(ID: intellectual disability) einem Skill-Test, in welchem die Einstufung in die entsprechende Wettkampfklasse \u00fcberpr\u00fcft wurde. Unter Ber\u00fccksichtigung der erreichten Punkte und Einsch\u00e4tzung des Trainers wurden die Judokas der Wettkampfklasse 1 (Judokas mit leichtem Handicap), der WK 2 ( Judokas mit mittleren Handicap) und der WK 3 Judoka mit schwereren Handicap) \u00a0zugeordnet.<\/strong><\/p>\n<p>&nbsp;<\/p>\n<p><strong>Am dritten Tag k\u00e4mpften die Judokas der WK 2 und 3. Hier gab es spannende und hochklassige K\u00e4mpfe zusehen, in denen sich meistens die Judokas aus dem NRW- Kader auszeichnen konnten.<\/strong><\/p>\n<p>&nbsp;<\/p>\n<p><strong>Am letzten Tag der Landesspiele gab es einen inklusiven Kata-Wettbewerb. Hier zeigten 6 Paare, ein ID-Judoka zusammen mit einem nicht behinderten Partner den genauen Ablauf einiger Judotechniken. Im Anschluss ein weiterer H\u00f6hepunkt die K\u00e4mpfe in der WK 1. Am Start waren 4 ID-Weltmeister und 2 ID-Europameister die f\u00fcr sehenswerte und spannende Wettk\u00e4mpfe sorgten. Nach der anschlie\u00dfenden Siegerehrung waren die Judo-Wettk\u00e4mpfe zu Ende.<\/strong><\/p>\n<p><strong>Die BSV Judokas waren wieder erfolgreich und holten folgende Platzierungen:<\/strong><\/p>\n<p>&nbsp;<\/p>\n<p><strong>Stefanie Drescher:\u00a0\u00a0\u00a0\u00a0 2 Goldmedaillen ( in Ihrer WK 2 und\u00a0 in der h\u00f6heren WK 1)<\/strong><\/p>\n<p><strong>Christian Lehmann:\u00a0 Silbermedaille,<\/strong><\/p>\n<p><strong>Jochen Drescher:\u00a0\u00a0\u00a0\u00a0\u00a0 Bronzemedaille,<\/strong><\/p>\n<p><strong>Isabel Picht:\u00a0\u00a0\u00a0\u00a0\u00a0\u00a0\u00a0\u00a0\u00a0\u00a0\u00a0\u00a0\u00a0\u00a0 Bronzemedaille,<\/strong><\/p>\n<p><strong>Etienne Menzel:\u00a0\u00a0\u00a0\u00a0\u00a0\u00a0\u00a0\u00a0 Bronzemedaille,<\/strong><\/p>\n<p><strong>Dennis Aue:\u00a0\u00a0\u00a0\u00a0\u00a0\u00a0\u00a0\u00a0\u00a0\u00a0\u00a0\u00a0\u00a0\u00a0 Bronzemedaille,<\/strong><\/p>\n<p><strong>Nick Braukmann:\u00a0\u00a0\u00a0\u00a0\u00a0\u00a0 5 Platz,<\/strong><\/p>\n<p><strong>Claudia Knippschild: 5 Platz,<\/strong><\/p>\n<p><strong>Uschi Schr\u00f6jahr:\u00a0\u00a0\u00a0\u00a0\u00a0\u00a0\u00a0 5. Platz<\/strong><\/p>\n<p style=\"text-align: center;\"><a href=\"http:\/\/www.bsv-meschede.de\/wp-content\/uploads\/2019\/07\/DSC6714.jpg\"><img loading=\"lazy\" decoding=\"async\" class=\"aligncenter size-large wp-image-987\" title=\"_DSC6714\" src=\"http:\/\/www.bsv-meschede.de\/wp-content\/uploads\/2019\/07\/DSC6714-1024x681.jpg\" alt=\"\" width=\"819\" height=\"545\" srcset=\"https:\/\/www.bsv-meschede.de\/wp-content\/uploads\/2019\/07\/DSC6714-1024x681.jpg 1024w, https:\/\/www.bsv-meschede.de\/wp-content\/uploads\/2019\/07\/DSC6714-300x199.jpg 300w\" sizes=\"auto, (max-width: 819px) 100vw, 819px\" \/><\/a><\/p>\n<p>&nbsp;<\/p>\n","protected":false},"excerpt":{"rendered":"<p>3. Landesspiele &#8222;Special Olympics&#8220; NRW\u00a0 und 4. NRW Landesturnfest. &nbsp; Unter dem Motto &#8220; Gemeinsam-Besonderes-Sportlich&#8220; fand vom 19.06.-23.06.2019 in Hamm das gr\u00f6\u00dfte inklusive Sportevent Deutschlands statt. &nbsp; 1200 Athletinnen und Athleten mit einem geistigen Handicap nahmen in 13 Sportarten an den Wettbewerben teil. Gemeinsam mit 5000 Turnern brachten so etwa 9000 Sportler, Trainer und Helfer [&hellip;]<\/p>\n","protected":false},"author":2,"featured_media":0,"comment_status":"closed","ping_status":"open","sticky":false,"template":"","format":"standard","meta":{"footnotes":""},"categories":[1],"tags":[],"class_list":["post-982","post","type-post","status-publish","format-standard","hentry","category-aktueles"],"_links":{"self":[{"href":"https:\/\/www.bsv-meschede.de\/index.php?rest_route=\/wp\/v2\/posts\/982","targetHints":{"allow":["GET"]}}],"collection":[{"href":"https:\/\/www.bsv-meschede.de\/index.php?rest_route=\/wp\/v2\/posts"}],"about":[{"href":"https:\/\/www.bsv-meschede.de\/index.php?rest_route=\/wp\/v2\/types\/post"}],"author":[{"embeddable":true,"href":"https:\/\/www.bsv-meschede.de\/index.php?rest_route=\/wp\/v2\/users\/2"}],"replies":[{"embeddable":true,"href":"https:\/\/www.bsv-meschede.de\/index.php?rest_route=%2Fwp%2Fv2%2Fcomments&post=982"}],"version-history":[{"count":7,"href":"https:\/\/www.bsv-meschede.de\/index.php?rest_route=\/wp\/v2\/posts\/982\/revisions"}],"predecessor-version":[{"id":992,"href":"https:\/\/www.bsv-meschede.de\/index.php?rest_route=\/wp\/v2\/posts\/982\/revisions\/992"}],"wp:attachment":[{"href":"https:\/\/www.bsv-meschede.de\/index.php?rest_route=%2Fwp%2Fv2%2Fmedia&parent=982"}],"wp:term":[{"taxonomy":"category","embeddable":true,"href":"https:\/\/www.bsv-meschede.de\/index.php?rest_route=%2Fwp%2Fv2%2Fcategories&post=982"},{"taxonomy":"post_tag","embeddable":true,"href":"https:\/\/www.bsv-meschede.de\/index.php?rest_route=%2Fwp%2Fv2%2Ftags&post=982"}],"curies":[{"name":"wp","href":"https:\/\/api.w.org\/{rel}","templated":true}]}}