{"id":907,"date":"2019-05-01T10:40:10","date_gmt":"2019-05-01T10:40:10","guid":{"rendered":"http:\/\/www.bsv-meschede.de\/?p=907"},"modified":"2019-05-02T06:02:14","modified_gmt":"2019-05-02T06:02:14","slug":"special-olympics-weltspiele-2019-in-abu-dhabi","status":"publish","type":"post","link":"https:\/\/www.bsv-meschede.de\/?p=907","title":{"rendered":"&#8222;Special Olympics Weltspiele&#8220; 2019 in Abu Dhabi"},"content":{"rendered":"<p>&nbsp;<\/p>\n<p><a href=\"http:\/\/www.bsv-meschede.de\/wp-content\/uploads\/2019\/05\/1200px-2019_Special_Olympics_World_Summer_Games_logo.svg_.png\"><img loading=\"lazy\" decoding=\"async\" class=\"alignnone size-large wp-image-909\" title=\"1200px-2019_Special_Olympics_World_Summer_Games_logo.svg\" src=\"http:\/\/www.bsv-meschede.de\/wp-content\/uploads\/2019\/05\/1200px-2019_Special_Olympics_World_Summer_Games_logo.svg_-1024x360.png\" alt=\"\" width=\"614\" height=\"216\" srcset=\"https:\/\/www.bsv-meschede.de\/wp-content\/uploads\/2019\/05\/1200px-2019_Special_Olympics_World_Summer_Games_logo.svg_-1024x360.png 1024w, https:\/\/www.bsv-meschede.de\/wp-content\/uploads\/2019\/05\/1200px-2019_Special_Olympics_World_Summer_Games_logo.svg_-300x105.png 300w, https:\/\/www.bsv-meschede.de\/wp-content\/uploads\/2019\/05\/1200px-2019_Special_Olympics_World_Summer_Games_logo.svg_.png 1200w\" sizes=\"auto, (max-width: 614px) 100vw, 614px\" \/><\/a><\/p>\n<h2 style=\"text-align: center;\"><span style=\"text-decoration: underline; color: #ff0000;\">BSV Judoka erfolgreich bei den &#8222;Special Olympics Weltspielen&#8220; in Abu Dhabi.<\/span><\/h2>\n<p><strong>Stefanie Drescher, mittlerweile in den Medien als &#8222;quirliger Rotschopf&#8220; bekannt, blickt auf eine erfolgreiche Laufbahn als G-Judoka beim BSV Meschede zur\u00fcck.<\/strong><\/p>\n<p><strong>G-Judo ( geistige Behinderung) wurde jetzt international umbenannt in ID-Judo ( intellectual disability).<\/strong><\/p>\n<p><strong>Stefanie kam vor 10 Jahren zum BSV Meschede. Mit 12-14 Judoka wurde sie von Christoph Gmyrek und Lothar Braukmann trainiert. Nach anf\u00e4nglicher Skepsis gegen\u00fcber Judo oder Kampfsport, noch hingezogen zum Zumba, blieb sie beim Judo. Nach Bestehen ihrer ersten G\u00fcrtelpr\u00fcfung ( 4 weitere folgten) durfte sie fortan an Wettk\u00e4mpfen teilnehmen. Bereits bei ihrer ersten Teilnahme an den NRW-Einzelmeisterschaften 2013 in H\u00fcckeswagen erk\u00e4mpfte sie sich die erste Goldmedaille. Bei 14 weiteren Teilnahmen an NRW-Einzelmeisterschaften, Verbandsmeisterschaften (mit der NRW Kadermannschaft), Bethel-Athletics Spielen und Special Olympics Veranstaltungen konnte sie 10 Gold,-3 Silber, und 3 Bronzemedaillen gewinnen. Dies ist eine beeindruckende und \u00e4u\u00dferst erfolgreiche Bilanz. Ferner bekam sie f\u00fcr ihre Erfolge 3 Goldmedaillen bei der Mescheder Sportlerehrung sowie 1 Gold und 1 x Silber bei der HSK Sportgala \u00fcberreicht.<\/strong><\/p>\n<p><a href=\"http:\/\/www.bsv-meschede.de\/wp-content\/uploads\/2019\/05\/DSC28592.jpg\"><img loading=\"lazy\" decoding=\"async\" class=\"alignnone size-medium wp-image-917\" title=\"_DSC2859\" src=\"http:\/\/www.bsv-meschede.de\/wp-content\/uploads\/2019\/05\/DSC28592-300x199.jpg\" alt=\"\" width=\"240\" height=\"159\" srcset=\"https:\/\/www.bsv-meschede.de\/wp-content\/uploads\/2019\/05\/DSC28592-300x199.jpg 300w, https:\/\/www.bsv-meschede.de\/wp-content\/uploads\/2019\/05\/DSC28592-1024x681.jpg 1024w\" sizes=\"auto, (max-width: 240px) 100vw, 240px\" \/><\/a><a href=\"http:\/\/www.bsv-meschede.de\/wp-content\/uploads\/2019\/05\/DSC28881.jpg\"><img loading=\"lazy\" decoding=\"async\" class=\"alignnone size-medium wp-image-918\" title=\"_DSC2888\" src=\"http:\/\/www.bsv-meschede.de\/wp-content\/uploads\/2019\/05\/DSC28881-300x199.jpg\" alt=\"\" width=\"240\" height=\"159\" srcset=\"https:\/\/www.bsv-meschede.de\/wp-content\/uploads\/2019\/05\/DSC28881-300x199.jpg 300w, https:\/\/www.bsv-meschede.de\/wp-content\/uploads\/2019\/05\/DSC28881-1024x681.jpg 1024w\" sizes=\"auto, (max-width: 240px) 100vw, 240px\" \/><\/a><a href=\"http:\/\/www.bsv-meschede.de\/wp-content\/uploads\/2019\/05\/DSC6409.jpg\"><img loading=\"lazy\" decoding=\"async\" class=\"alignnone size-medium wp-image-919\" title=\"_DSC6409\" src=\"http:\/\/www.bsv-meschede.de\/wp-content\/uploads\/2019\/05\/DSC6409-300x199.jpg\" alt=\"\" width=\"240\" height=\"159\" srcset=\"https:\/\/www.bsv-meschede.de\/wp-content\/uploads\/2019\/05\/DSC6409-300x199.jpg 300w, https:\/\/www.bsv-meschede.de\/wp-content\/uploads\/2019\/05\/DSC6409-1024x681.jpg 1024w\" sizes=\"auto, (max-width: 240px) 100vw, 240px\" \/><\/a><\/p>\n<p><strong>Der H\u00f6hepunkt war die Teilnahme an den &#8222;Special Olympics Weltspielen&#8220; im M\u00e4rz 2019 in Abu Dhabi. Stefanie Drescher schaffte es 3x \u00a0hintereinander die &#8222;Nationalen Special Olympics Sommerspiele&#8220;, 2014 in D\u00fcsseldorf, 2016 in Hannover und 2018 in Kiel zu gewinnen. Diese &#8222;Spiele&#8220; sind das gr\u00f6\u00dfte Sportevent in Deutschland f\u00fcr Sportler mit geistiger Behinderung. Es nehmen ca. 5000 Sportler in 24 Disziplinen teil. Davon sind ca. 200-250 Judokas. F\u00fcr diese Leistung\u00a0 bekam sie eine Nominierung f\u00fcr die Teilnahme \u00a0an den Weltspielen in Abu Dhabi.<\/strong><\/p>\n<p><a href=\"http:\/\/www.bsv-meschede.de\/wp-content\/uploads\/2019\/05\/DSC2569.jpg\"><img loading=\"lazy\" decoding=\"async\" class=\"alignnone size-medium wp-image-920\" title=\"_DSC2569\" src=\"http:\/\/www.bsv-meschede.de\/wp-content\/uploads\/2019\/05\/DSC2569-300x199.jpg\" alt=\"\" width=\"240\" height=\"159\" srcset=\"https:\/\/www.bsv-meschede.de\/wp-content\/uploads\/2019\/05\/DSC2569-300x199.jpg 300w, https:\/\/www.bsv-meschede.de\/wp-content\/uploads\/2019\/05\/DSC2569-1024x681.jpg 1024w\" sizes=\"auto, (max-width: 240px) 100vw, 240px\" \/><\/a><a href=\"http:\/\/www.bsv-meschede.de\/wp-content\/uploads\/2019\/05\/DSC4165.jpg\"><img loading=\"lazy\" decoding=\"async\" class=\"alignnone size-medium wp-image-921\" title=\"_DSC4165\" src=\"http:\/\/www.bsv-meschede.de\/wp-content\/uploads\/2019\/05\/DSC4165-300x199.jpg\" alt=\"\" width=\"240\" height=\"159\" srcset=\"https:\/\/www.bsv-meschede.de\/wp-content\/uploads\/2019\/05\/DSC4165-300x199.jpg 300w, https:\/\/www.bsv-meschede.de\/wp-content\/uploads\/2019\/05\/DSC4165-1024x681.jpg 1024w\" sizes=\"auto, (max-width: 240px) 100vw, 240px\" \/><\/a><a href=\"http:\/\/www.bsv-meschede.de\/wp-content\/uploads\/2019\/05\/DSC5881.jpg\"><img loading=\"lazy\" decoding=\"async\" class=\"alignnone size-medium wp-image-922\" title=\"_DSC5881\" src=\"http:\/\/www.bsv-meschede.de\/wp-content\/uploads\/2019\/05\/DSC5881-300x199.jpg\" alt=\"\" width=\"240\" height=\"159\" srcset=\"https:\/\/www.bsv-meschede.de\/wp-content\/uploads\/2019\/05\/DSC5881-300x199.jpg 300w, https:\/\/www.bsv-meschede.de\/wp-content\/uploads\/2019\/05\/DSC5881-1024x681.jpg 1024w\" sizes=\"auto, (max-width: 240px) 100vw, 240px\" \/><\/a><\/p>\n<p><strong>Die &#8222;Paralympics&#8220; f\u00fcr Sportler mit k\u00f6rperlichen Handicap, sind vielen bekannt. Die &#8222;Special Olympics Weltspiele&#8220; sind die Olympischen Spiele f\u00fcr Menschen mit geistigen Handicap. Leider in den Medien nicht so erw\u00e4hnt.<\/strong><\/p>\n<p><strong>An diesem Event nahmen ca. 7000 Sportler aus 170 Nationen teil, unterst\u00fctzt von 2500 Trainern und 20000 Helfern. Die deutsche Delegation, eingekleidet in schwarz-wei\u00df-roten Trainingsanz\u00fcgen, Bundesadler auf der Brust, bestand aus 230 Personen. Au\u00dfer Stefanie waren noch 5 weitere Judoka (3weiblich und 3 m\u00e4nnlich) aus Deutschland am Start. Vor Ort wurden sie bestens von Marina M\u00fcller, Alwin Brenner, Gabi Gramsch und Frank Schuhknecht aus vorbereitet.<\/strong><\/p>\n<p><strong>Marina M\u00fcller: von Special Olympics nominierte Bundestrainerin,<\/strong><\/p>\n<p><strong>Alwin Brenner: von Special Olympics nominierter Bundestrainer, Heilp\u00e4dagoge in der Augustinum Tagesst\u00e4tte in M\u00fcnchen, 30 Jahre Erfahrung mit ID-Judokas,<\/strong><\/p>\n<p><strong>Gaby Gramsch: Trainerin Budokan in H\u00fcnxe, Sohn ebenfalls am Start,<\/strong><\/p>\n<p><strong>Frank Schuhknecht: Trainer Budokan H\u00fcnxe und NRW Kadertrainer,<\/strong><\/p>\n<p><strong>Beim ID-Judo wird au\u00dfer in verschiedenen Gewichtsklassen noch in 3 Wettkampfklassen je nach Behinderung unterteilt. \u00a0Hierf\u00fcr m\u00fcssen sich alle Judokas einem Skill-Test unterziehen.<\/strong><\/p>\n<p><strong><span style=\"text-decoration: underline; color: #0000ff;\">WK III<\/span> :\u00a0 Judokas mit gr\u00f6\u00dferem Handicap und einer eingeschr\u00e4nkten Motorik- und Bewegungsdynamik. Hier wird Judo\u00a0 mehr als spielerische Art ausgef\u00fchrt. Aber auch hier werden leidenschaftliche K\u00e4mpfe gef\u00fchrt. \u00a0 \u00a0 \u00a0 \u00a0 \u00a0 \u00a0 \u00a0 \u00a0 \u00a0 \u00a0 \u00a0 \u00a0 \u00a0 \u00a0 \u00a0 \u00a0 \u00a0 \u00a0 \u00a0 \u00a0 \u00a0 \u00a0 \u00a0 \u00a0 \u00a0 \u00a0 \u00a0 \u00a0 \u00a0\u00a0 <\/strong><\/p>\n<p><strong><span style=\"text-decoration: underline; color: #0000ff;\">WK II<\/span> :\u00a0 Judokas, die aufgrung ihrer Behinderung Judotechniken eingeschr\u00e4nkt umsetzen k\u00f6nnen. Hier werden tolle K\u00e4mpfe ausgef\u00fchrt.<\/strong><\/p>\n<p><strong><span style=\"text-decoration: underline; color: #0000ff;\">WK\u00a0 I<\/span> :\u00a0 Judokas, die trotz ihres Handicap`s auch mit Judokas ohne Behinderung trainieren k\u00f6nnen und Judotechniken gut umsetzen k\u00f6nnen. Hier sind sehenswerte und leidenschaftlich ausgef\u00fchrte K\u00e4mpfe zu sehen.<\/strong><\/p>\n<p><strong>Bei ihren ersten K\u00e4mpfen in ihrer WK II Klasse errang sie eine Bronzemedaille. Das war schon eine tolle Leistung. Da in der WK I eine Gegnerin ausgefallen war, durfte Stefanie am Folgetag in der h\u00f6heren WK I erneut ihr K\u00f6nnen zeigen. Hier \u00fcberraschte sie Alle und errang die Silbermedaille.<\/strong><\/p>\n<p><a href=\"http:\/\/www.bsv-meschede.de\/wp-content\/uploads\/2019\/05\/IMG_1684.jpg\"><img loading=\"lazy\" decoding=\"async\" class=\"alignnone size-medium wp-image-937\" title=\"IMG_1684\" src=\"http:\/\/www.bsv-meschede.de\/wp-content\/uploads\/2019\/05\/IMG_1684-300x200.jpg\" alt=\"\" width=\"240\" height=\"160\" srcset=\"https:\/\/www.bsv-meschede.de\/wp-content\/uploads\/2019\/05\/IMG_1684-300x200.jpg 300w, https:\/\/www.bsv-meschede.de\/wp-content\/uploads\/2019\/05\/IMG_1684-1024x682.jpg 1024w\" sizes=\"auto, (max-width: 240px) 100vw, 240px\" \/><\/a><a href=\"http:\/\/www.bsv-meschede.de\/wp-content\/uploads\/2019\/05\/IMG_1715.jpg\"><img loading=\"lazy\" decoding=\"async\" class=\"alignnone size-medium wp-image-938\" title=\"IMG_1715\" src=\"http:\/\/www.bsv-meschede.de\/wp-content\/uploads\/2019\/05\/IMG_1715-300x200.jpg\" alt=\"\" width=\"240\" height=\"160\" srcset=\"https:\/\/www.bsv-meschede.de\/wp-content\/uploads\/2019\/05\/IMG_1715-300x200.jpg 300w, https:\/\/www.bsv-meschede.de\/wp-content\/uploads\/2019\/05\/IMG_1715-1024x682.jpg 1024w\" sizes=\"auto, (max-width: 240px) 100vw, 240px\" \/><\/a><a href=\"http:\/\/www.bsv-meschede.de\/wp-content\/uploads\/2019\/05\/Siegerehrung_Stephanie_2.Tag_.jpg\"><img loading=\"lazy\" decoding=\"async\" class=\"alignnone size-medium wp-image-939\" title=\"Siegerehrung_Stephanie_2.Tag\" src=\"http:\/\/www.bsv-meschede.de\/wp-content\/uploads\/2019\/05\/Siegerehrung_Stephanie_2.Tag_-300x200.jpg\" alt=\"\" width=\"240\" height=\"160\" srcset=\"https:\/\/www.bsv-meschede.de\/wp-content\/uploads\/2019\/05\/Siegerehrung_Stephanie_2.Tag_-300x200.jpg 300w, https:\/\/www.bsv-meschede.de\/wp-content\/uploads\/2019\/05\/Siegerehrung_Stephanie_2.Tag_-1024x682.jpg 1024w\" sizes=\"auto, (max-width: 240px) 100vw, 240px\" \/><\/a><\/p>\n<p><a href=\"http:\/\/www.bsv-meschede.de\/wp-content\/uploads\/2019\/05\/image22.jpeg\"><img loading=\"lazy\" decoding=\"async\" class=\"alignnone size-medium wp-image-942\" title=\"image2\" src=\"http:\/\/www.bsv-meschede.de\/wp-content\/uploads\/2019\/05\/image22-225x300.jpg\" alt=\"\" width=\"180\" height=\"240\" srcset=\"https:\/\/www.bsv-meschede.de\/wp-content\/uploads\/2019\/05\/image22-225x300.jpg 225w, https:\/\/www.bsv-meschede.de\/wp-content\/uploads\/2019\/05\/image22-768x1024.jpg 768w\" sizes=\"auto, (max-width: 180px) 100vw, 180px\" \/><\/a><a href=\"http:\/\/www.bsv-meschede.de\/wp-content\/uploads\/2019\/05\/IMG_1554.jpg\"><img loading=\"lazy\" decoding=\"async\" class=\"alignnone size-medium wp-image-943\" title=\"IMG_1554\" src=\"http:\/\/www.bsv-meschede.de\/wp-content\/uploads\/2019\/05\/IMG_1554-300x200.jpg\" alt=\"\" width=\"240\" height=\"160\" srcset=\"https:\/\/www.bsv-meschede.de\/wp-content\/uploads\/2019\/05\/IMG_1554-300x200.jpg 300w, https:\/\/www.bsv-meschede.de\/wp-content\/uploads\/2019\/05\/IMG_1554-1024x682.jpg 1024w\" sizes=\"auto, (max-width: 240px) 100vw, 240px\" \/><\/a><a href=\"http:\/\/www.bsv-meschede.de\/wp-content\/uploads\/2019\/05\/image11.jpeg\"><img loading=\"lazy\" decoding=\"async\" class=\"alignnone size-medium wp-image-955\" title=\"image1\" src=\"http:\/\/www.bsv-meschede.de\/wp-content\/uploads\/2019\/05\/image11-300x225.jpg\" alt=\"\" width=\"216\" height=\"162\" srcset=\"https:\/\/www.bsv-meschede.de\/wp-content\/uploads\/2019\/05\/image11-300x225.jpg 300w, https:\/\/www.bsv-meschede.de\/wp-content\/uploads\/2019\/05\/image11-1024x768.jpg 1024w\" sizes=\"auto, (max-width: 216px) 100vw, 216px\" \/><\/a><\/p>\n<p><strong>Die 6 nominierten deutschen ID-Judokas waren mit ihren 2 Gold-, 4 Silber-und einer Bronzemedaille so erfolgreich wie nie. Die deutschen Sportler brachten insgesamt 41 Gold-, 47 Silber- und 30 Bronzemedaillen mit nach Hause.<\/strong><\/p>\n<p><a href=\"http:\/\/www.bsv-meschede.de\/wp-content\/uploads\/2019\/05\/AD2019_EF_KLAHN_14.03.19_603868-1200x800.jpg\"><img loading=\"lazy\" decoding=\"async\" class=\"alignnone size-medium wp-image-944\" title=\"AD2019_EF_KLAHN_14.03.19_603868-1200x800\" src=\"http:\/\/www.bsv-meschede.de\/wp-content\/uploads\/2019\/05\/AD2019_EF_KLAHN_14.03.19_603868-1200x800-300x200.jpg\" alt=\"\" width=\"240\" height=\"160\" srcset=\"https:\/\/www.bsv-meschede.de\/wp-content\/uploads\/2019\/05\/AD2019_EF_KLAHN_14.03.19_603868-1200x800-300x200.jpg 300w, https:\/\/www.bsv-meschede.de\/wp-content\/uploads\/2019\/05\/AD2019_EF_KLAHN_14.03.19_603868-1200x800-1024x682.jpg 1024w, https:\/\/www.bsv-meschede.de\/wp-content\/uploads\/2019\/05\/AD2019_EF_KLAHN_14.03.19_603868-1200x800.jpg 1200w\" sizes=\"auto, (max-width: 240px) 100vw, 240px\" \/><\/a><a href=\"http:\/\/www.bsv-meschede.de\/wp-content\/uploads\/2019\/05\/AD2019_EF_KLAHN_14.03.19_604684-1200x800.jpg\"><img loading=\"lazy\" decoding=\"async\" class=\"alignnone size-medium wp-image-945\" title=\"AD2019_EF_KLAHN_14.03.19_604684-1200x800\" src=\"http:\/\/www.bsv-meschede.de\/wp-content\/uploads\/2019\/05\/AD2019_EF_KLAHN_14.03.19_604684-1200x800-300x200.jpg\" alt=\"\" width=\"240\" height=\"160\" srcset=\"https:\/\/www.bsv-meschede.de\/wp-content\/uploads\/2019\/05\/AD2019_EF_KLAHN_14.03.19_604684-1200x800-300x200.jpg 300w, https:\/\/www.bsv-meschede.de\/wp-content\/uploads\/2019\/05\/AD2019_EF_KLAHN_14.03.19_604684-1200x800-1024x682.jpg 1024w, https:\/\/www.bsv-meschede.de\/wp-content\/uploads\/2019\/05\/AD2019_EF_KLAHN_14.03.19_604684-1200x800.jpg 1200w\" sizes=\"auto, (max-width: 240px) 100vw, 240px\" \/><\/a><a href=\"http:\/\/www.bsv-meschede.de\/wp-content\/uploads\/2019\/05\/AD2019_EF_KLAHN_14.03.19_604191-1200x600.jpg\"><img loading=\"lazy\" decoding=\"async\" class=\"alignnone size-medium wp-image-946\" title=\"AD2019_EF_KLAHN_14.03.19_604191-1200x600\" src=\"http:\/\/www.bsv-meschede.de\/wp-content\/uploads\/2019\/05\/AD2019_EF_KLAHN_14.03.19_604191-1200x600-300x150.jpg\" alt=\"\" width=\"300\" height=\"150\" srcset=\"https:\/\/www.bsv-meschede.de\/wp-content\/uploads\/2019\/05\/AD2019_EF_KLAHN_14.03.19_604191-1200x600-300x150.jpg 300w, https:\/\/www.bsv-meschede.de\/wp-content\/uploads\/2019\/05\/AD2019_EF_KLAHN_14.03.19_604191-1200x600-1024x512.jpg 1024w, https:\/\/www.bsv-meschede.de\/wp-content\/uploads\/2019\/05\/AD2019_EF_KLAHN_14.03.19_604191-1200x600.jpg 1200w\" sizes=\"auto, (max-width: 300px) 100vw, 300px\" \/><\/a><\/p>\n<p><a href=\"http:\/\/www.bsv-meschede.de\/wp-content\/uploads\/2019\/05\/AD2019_EF_KLAHN_14.03.19_604826-1200x800.jpg\"><img loading=\"lazy\" decoding=\"async\" class=\"alignnone size-medium wp-image-947\" title=\"AD2019_EF_KLAHN_14.03.19_604826-1200x800\" src=\"http:\/\/www.bsv-meschede.de\/wp-content\/uploads\/2019\/05\/AD2019_EF_KLAHN_14.03.19_604826-1200x800-300x200.jpg\" alt=\"\" width=\"240\" height=\"160\" srcset=\"https:\/\/www.bsv-meschede.de\/wp-content\/uploads\/2019\/05\/AD2019_EF_KLAHN_14.03.19_604826-1200x800-300x200.jpg 300w, https:\/\/www.bsv-meschede.de\/wp-content\/uploads\/2019\/05\/AD2019_EF_KLAHN_14.03.19_604826-1200x800-1024x682.jpg 1024w, https:\/\/www.bsv-meschede.de\/wp-content\/uploads\/2019\/05\/AD2019_EF_KLAHN_14.03.19_604826-1200x800.jpg 1200w\" sizes=\"auto, (max-width: 240px) 100vw, 240px\" \/><\/a><a href=\"http:\/\/www.bsv-meschede.de\/wp-content\/uploads\/2019\/05\/AD2019_HTP_SH_0676-1-1200x800.jpg\"><img loading=\"lazy\" decoding=\"async\" class=\"alignnone size-medium wp-image-948\" title=\"AD2019_HTP_SH_0676-1-1200x800\" src=\"http:\/\/www.bsv-meschede.de\/wp-content\/uploads\/2019\/05\/AD2019_HTP_SH_0676-1-1200x800-300x200.jpg\" alt=\"\" width=\"240\" height=\"160\" srcset=\"https:\/\/www.bsv-meschede.de\/wp-content\/uploads\/2019\/05\/AD2019_HTP_SH_0676-1-1200x800-300x200.jpg 300w, https:\/\/www.bsv-meschede.de\/wp-content\/uploads\/2019\/05\/AD2019_HTP_SH_0676-1-1200x800-1024x682.jpg 1024w, https:\/\/www.bsv-meschede.de\/wp-content\/uploads\/2019\/05\/AD2019_HTP_SH_0676-1-1200x800.jpg 1200w\" sizes=\"auto, (max-width: 240px) 100vw, 240px\" \/><\/a><a href=\"http:\/\/www.bsv-meschede.de\/wp-content\/uploads\/2019\/05\/AD2019_HTP_SH_1374_20190310-1-1200x800.jpg\"><img loading=\"lazy\" decoding=\"async\" class=\"alignnone size-medium wp-image-949\" title=\"AD2019_HTP_SH_1374_20190310-1-1200x800\" src=\"http:\/\/www.bsv-meschede.de\/wp-content\/uploads\/2019\/05\/AD2019_HTP_SH_1374_20190310-1-1200x800-300x200.jpg\" alt=\"\" width=\"240\" height=\"160\" srcset=\"https:\/\/www.bsv-meschede.de\/wp-content\/uploads\/2019\/05\/AD2019_HTP_SH_1374_20190310-1-1200x800-300x200.jpg 300w, https:\/\/www.bsv-meschede.de\/wp-content\/uploads\/2019\/05\/AD2019_HTP_SH_1374_20190310-1-1200x800-1024x682.jpg 1024w, https:\/\/www.bsv-meschede.de\/wp-content\/uploads\/2019\/05\/AD2019_HTP_SH_1374_20190310-1-1200x800.jpg 1200w\" sizes=\"auto, (max-width: 240px) 100vw, 240px\" \/><\/a><\/p>\n<p><span style=\"color: #000000;\"><strong>Special Olympics ist die weltweit gr\u00f6\u00dfte Sportbewegung f\u00fcr Menschen mit <a title=\"Geistige Behinderung\" href=\"https:\/\/de.wikipedia.org\/wiki\/Geistige_Behinderung\"><span style=\"color: #000000;\">geistiger Behinderung<\/span><\/a> und <a title=\"Mehrfachbehinderung\" href=\"https:\/\/de.wikipedia.org\/wiki\/Mehrfachbehinderung\"><span style=\"color: #000000;\">Mehrfachbehinderung<\/span><\/a>. Sie ist vom <a title=\"Internationales Olympisches Komitee\" href=\"https:\/\/de.wikipedia.org\/wiki\/Internationales_Olympisches_Komitee\"><span style=\"color: #000000;\">Internationalen Olympischen Komitee<\/span><\/a> offiziell anerkannt und darf als einzige Organisation den Ausdruck \u201eOlympics\u201c weltweit nutzen. Durch Special Olympics soll mit dem Mittel Sport die Akzeptanz von Menschen mit geistiger Behinderung in der Gesellschaft verbessert werden. Sie unterscheiden sich von den <a title=\"Paralympische Spiele\" href=\"https:\/\/de.wikipedia.org\/wiki\/Paralympische_Spiele\"><span style=\"color: #000000;\">Paralympics<\/span><\/a> dadurch, dass dort Menschen mit <a title=\"K\u00f6rperbehinderung\" href=\"https:\/\/de.wikipedia.org\/wiki\/K%C3%B6rperbehinderung\"><span style=\"color: #000000;\">K\u00f6rperbehinderung<\/span><\/a> teilnehmen. Die Bewegung wurde 1968 von <a title=\"Eunice Shriver\" href=\"https:\/\/de.wikipedia.org\/wiki\/Eunice_Shriver\"><span style=\"color: #000000;\">Eunice Shriver<\/span><\/a> gegr\u00fcndet, deren \u00e4ltere Schwester <a title=\"Rosemary Kennedy\" href=\"https:\/\/de.wikipedia.org\/wiki\/Rosemary_Kennedy\"><span style=\"color: #000000;\">Rosemary Kennedy<\/span><\/a> nach einer <a title=\"Lobotomie\" href=\"https:\/\/de.wikipedia.org\/wiki\/Lobotomie\"><span style=\"color: #000000;\">Lobotomie<\/span><\/a> selbst behindert war.<\/strong><\/span><\/p>\n<p><span style=\"color: #000000;\"><strong>Die n\u00e4chsten &#8222;Special Olympics Weltspiele&#8220; finden 2023 in Berlin statt.<\/strong><\/span><\/p>\n<p><strong>Wieder zur\u00fcck im Sauerland wurde sie w\u00fcrdig empfangen. Beim ersten Training wieder, wurde sie vom Trainerpaar Christoph Gmyrek, Lothar Braukmann und von der Vorstandsvorsitzende Leonie Kotthoff geb\u00fchrend gefeiert. Alle sind m\u00e4chtig stolz auf sie.<\/strong><\/p>\n<p style=\"text-align: center;\"><a href=\"http:\/\/www.bsv-meschede.de\/wp-content\/uploads\/2019\/05\/DSC6458.jpg\"><img loading=\"lazy\" decoding=\"async\" class=\"aligncenter size-large wp-image-950\" title=\"_DSC6458\" src=\"http:\/\/www.bsv-meschede.de\/wp-content\/uploads\/2019\/05\/DSC6458-1024x681.jpg\" alt=\"\" width=\"819\" height=\"545\" srcset=\"https:\/\/www.bsv-meschede.de\/wp-content\/uploads\/2019\/05\/DSC6458-1024x681.jpg 1024w, https:\/\/www.bsv-meschede.de\/wp-content\/uploads\/2019\/05\/DSC6458-300x199.jpg 300w\" sizes=\"auto, (max-width: 819px) 100vw, 819px\" \/><\/a><\/p>\n<p><strong>Ab Mitte des Jahres geht Stefanie erst mal f\u00fcr ein Jahr mit 5 weiteren Judokas\u00a0 nach K\u00f6ln-Frechen ins Sportleistungszentrum. Gesponsert von der Gold-Kr\u00e4mer Stiftung erh\u00e4lt sie ein Sportstipendium.<\/strong><\/p>\n<h3><strong><span style=\"text-decoration: underline;\">Wir werden sie vermissen und w\u00fcnschen ihr alles Gute!<\/span><\/strong><\/h3>\n<p>&nbsp;<\/p>\n","protected":false},"excerpt":{"rendered":"<p>&nbsp; BSV Judoka erfolgreich bei den &#8222;Special Olympics Weltspielen&#8220; in Abu Dhabi. Stefanie Drescher, mittlerweile in den Medien als &#8222;quirliger Rotschopf&#8220; bekannt, blickt auf eine erfolgreiche Laufbahn als G-Judoka beim BSV Meschede zur\u00fcck. G-Judo ( geistige Behinderung) wurde jetzt international umbenannt in ID-Judo ( intellectual disability). Stefanie kam vor 10 Jahren zum BSV Meschede. Mit [&hellip;]<\/p>\n","protected":false},"author":2,"featured_media":0,"comment_status":"closed","ping_status":"open","sticky":false,"template":"","format":"standard","meta":{"footnotes":""},"categories":[1],"tags":[],"class_list":["post-907","post","type-post","status-publish","format-standard","hentry","category-aktueles"],"_links":{"self":[{"href":"https:\/\/www.bsv-meschede.de\/index.php?rest_route=\/wp\/v2\/posts\/907","targetHints":{"allow":["GET"]}}],"collection":[{"href":"https:\/\/www.bsv-meschede.de\/index.php?rest_route=\/wp\/v2\/posts"}],"about":[{"href":"https:\/\/www.bsv-meschede.de\/index.php?rest_route=\/wp\/v2\/types\/post"}],"author":[{"embeddable":true,"href":"https:\/\/www.bsv-meschede.de\/index.php?rest_route=\/wp\/v2\/users\/2"}],"replies":[{"embeddable":true,"href":"https:\/\/www.bsv-meschede.de\/index.php?rest_route=%2Fwp%2Fv2%2Fcomments&post=907"}],"version-history":[{"count":25,"href":"https:\/\/www.bsv-meschede.de\/index.php?rest_route=\/wp\/v2\/posts\/907\/revisions"}],"predecessor-version":[{"id":964,"href":"https:\/\/www.bsv-meschede.de\/index.php?rest_route=\/wp\/v2\/posts\/907\/revisions\/964"}],"wp:attachment":[{"href":"https:\/\/www.bsv-meschede.de\/index.php?rest_route=%2Fwp%2Fv2%2Fmedia&parent=907"}],"wp:term":[{"taxonomy":"category","embeddable":true,"href":"https:\/\/www.bsv-meschede.de\/index.php?rest_route=%2Fwp%2Fv2%2Fcategories&post=907"},{"taxonomy":"post_tag","embeddable":true,"href":"https:\/\/www.bsv-meschede.de\/index.php?rest_route=%2Fwp%2Fv2%2Ftags&post=907"}],"curies":[{"name":"wp","href":"https:\/\/api.w.org\/{rel}","templated":true}]}}