{"id":745,"date":"2017-10-15T08:58:30","date_gmt":"2017-10-15T08:58:30","guid":{"rendered":"http:\/\/www.bsv-meschede.de\/?p=745"},"modified":"2017-10-15T09:07:41","modified_gmt":"2017-10-15T09:07:41","slug":"special-olympics-judoturnier-in-essen","status":"publish","type":"post","link":"https:\/\/www.bsv-meschede.de\/?p=745","title":{"rendered":"Special Olympics Judoturnier in Essen"},"content":{"rendered":"<h4><em><span style=\"text-decoration: underline; color: #339966;\">BSV Judokas wieder sehr erfolgreich beim 10. Landesturnier von Special Olympics.<\/span><\/em><\/h4>\n<p><span style=\"color: #3366ff;\"><strong>In Begleitung von Leonie Kotthoff (BSV-Vorstandsvorsitzende), Christoph Borghoff (Trainer) und Lothar Braukmann (\u00dcbungsleiter) nahmen 10 Judokas mit geistigen und mehrfachen Handicap am Jubil\u00e4umsturnier in Essen Kupferdreh teil. 215 Judokas aus 21 Vereinen und Institutionen hatten sich angemeldet und warteten nach der olympischen Zeremonie auf den Beginn der Wettk\u00e4mpfe.<\/strong><\/span><br \/>\n<span style=\"color: #3366ff;\"><strong> Im Mittelpunkt standen nat\u00fcrlich die \u00fcber 5 Stunden dauernden und tollen Wettk\u00e4mpfe. Gek\u00e4mpft wurde wieder in 3 Wettkampfklassen, eingeteilt nach Art und Schwere der Behinderung und unterteilt in verschiedenen Gewichtsklassen.<\/strong><\/span><br \/>\n<span style=\"color: #3366ff;\"><strong> Folgende Platzierungen erk\u00e4mpften sich die Mescheder Judokas:<\/strong><\/span><\/p>\n<p>&nbsp;<br \/>\n<span style=\"color: #3366ff;\"><strong> 1.Platz: Christian Lehmann und Jochen Drescher<\/strong><\/span><br \/>\n<span style=\"color: #3366ff;\"><strong> 2.Platz: Isabel Picht<\/strong><\/span><br \/>\n<span style=\"color: #3366ff;\"><strong> 3. Platz: Stefanie Drescher, Uschi Schr\u00f6jahr und Nick Braukmann<\/strong><\/span><br \/>\n<span style=\"color: #3366ff;\"><strong> 4. Platz: Dennis Aue und Tobias Wecker<\/strong><\/span><br \/>\n<span style=\"color: #3366ff;\"><strong> 5. Platz: Claudia Knippschild und Tim Schr\u00f6der<\/strong><\/span><\/p>\n<p>&nbsp;<\/p>\n<p><span style=\"color: #3366ff;\"><strong>Bereits am 08.07.2017, angetreten mit kleiner Mannschaft, erreichten die BSV-Judokas bei den 22. Bethel Athletics in Bielefeld tolle Erfolge:<\/strong><\/span><\/p>\n<p>&nbsp;<\/p>\n<p>&nbsp;<br \/>\n<span style=\"color: #3366ff;\"><strong> 1.Platz Stefanie Drescher<\/strong><\/span><br \/>\n<span style=\"color: #3366ff;\"><strong> 2.Platz Jochen Drescher<\/strong><\/span><br \/>\n<span style=\"color: #3366ff;\"><strong> 2. Platz Christian Lehmann<\/strong><\/span><br \/>\n<strong><span style=\"color: #3366ff;\"> 2.Platz Nick Braukmann<\/span><\/strong><\/p>\n<p><strong><span style=\"color: #3366ff;\">Manchmal entscheiden Bruchteile von Sekunden \u00fcber Sieg undNiederlage, jedoch der Zusammenhalt der Gruppe ist ungebrochen, Freude und Spa\u00df sind stets dabei.<\/span><\/strong><\/p>\n<p>&nbsp;<\/p>\n<p>&nbsp;<\/p>\n<p>&nbsp;<br \/>\n<a href=\"http:\/\/www.bsv-meschede.de\/wp-content\/uploads\/2017\/10\/kopie.jpg\"><img loading=\"lazy\" decoding=\"async\" class=\"aligncenter size-large wp-image-751\" title=\"kopie\" src=\"http:\/\/www.bsv-meschede.de\/wp-content\/uploads\/2017\/10\/kopie-1024x876.jpg\" alt=\"\" width=\"867\" height=\"741\" srcset=\"https:\/\/www.bsv-meschede.de\/wp-content\/uploads\/2017\/10\/kopie-1024x876.jpg 1024w, https:\/\/www.bsv-meschede.de\/wp-content\/uploads\/2017\/10\/kopie-300x256.jpg 300w\" sizes=\"auto, (max-width: 867px) 100vw, 867px\" \/><\/a><\/p>\n<p>&nbsp;<\/p>\n<p>&nbsp;<\/p>\n<p>&nbsp;<\/p>\n<p><a href=\"http:\/\/www.bsv-meschede.de\/wp-content\/uploads\/2017\/10\/DSC49331.jpg\"><img loading=\"lazy\" decoding=\"async\" class=\"aligncenter size-large wp-image-756\" title=\"_DSC4933\" src=\"http:\/\/www.bsv-meschede.de\/wp-content\/uploads\/2017\/10\/DSC49331-1024x681.jpg\" alt=\"\" width=\"649\" height=\"431\" srcset=\"https:\/\/www.bsv-meschede.de\/wp-content\/uploads\/2017\/10\/DSC49331-1024x681.jpg 1024w, https:\/\/www.bsv-meschede.de\/wp-content\/uploads\/2017\/10\/DSC49331-300x199.jpg 300w\" sizes=\"auto, (max-width: 649px) 100vw, 649px\" \/><\/a><\/p>\n<p>&nbsp;<\/p>\n<p>&nbsp;<\/p>\n","protected":false},"excerpt":{"rendered":"<p>BSV Judokas wieder sehr erfolgreich beim 10. Landesturnier von Special Olympics. In Begleitung von Leonie Kotthoff (BSV-Vorstandsvorsitzende), Christoph Borghoff (Trainer) und Lothar Braukmann (\u00dcbungsleiter) nahmen 10 Judokas mit geistigen und mehrfachen Handicap am Jubil\u00e4umsturnier in Essen Kupferdreh teil. 215 Judokas aus 21 Vereinen und Institutionen hatten sich angemeldet und warteten nach der olympischen Zeremonie auf [&hellip;]<\/p>\n","protected":false},"author":2,"featured_media":0,"comment_status":"closed","ping_status":"open","sticky":false,"template":"","format":"standard","meta":{"footnotes":""},"categories":[1],"tags":[],"class_list":["post-745","post","type-post","status-publish","format-standard","hentry","category-aktueles"],"_links":{"self":[{"href":"https:\/\/www.bsv-meschede.de\/index.php?rest_route=\/wp\/v2\/posts\/745","targetHints":{"allow":["GET"]}}],"collection":[{"href":"https:\/\/www.bsv-meschede.de\/index.php?rest_route=\/wp\/v2\/posts"}],"about":[{"href":"https:\/\/www.bsv-meschede.de\/index.php?rest_route=\/wp\/v2\/types\/post"}],"author":[{"embeddable":true,"href":"https:\/\/www.bsv-meschede.de\/index.php?rest_route=\/wp\/v2\/users\/2"}],"replies":[{"embeddable":true,"href":"https:\/\/www.bsv-meschede.de\/index.php?rest_route=%2Fwp%2Fv2%2Fcomments&post=745"}],"version-history":[{"count":13,"href":"https:\/\/www.bsv-meschede.de\/index.php?rest_route=\/wp\/v2\/posts\/745\/revisions"}],"predecessor-version":[{"id":761,"href":"https:\/\/www.bsv-meschede.de\/index.php?rest_route=\/wp\/v2\/posts\/745\/revisions\/761"}],"wp:attachment":[{"href":"https:\/\/www.bsv-meschede.de\/index.php?rest_route=%2Fwp%2Fv2%2Fmedia&parent=745"}],"wp:term":[{"taxonomy":"category","embeddable":true,"href":"https:\/\/www.bsv-meschede.de\/index.php?rest_route=%2Fwp%2Fv2%2Fcategories&post=745"},{"taxonomy":"post_tag","embeddable":true,"href":"https:\/\/www.bsv-meschede.de\/index.php?rest_route=%2Fwp%2Fv2%2Ftags&post=745"}],"curies":[{"name":"wp","href":"https:\/\/api.w.org\/{rel}","templated":true}]}}