{"id":369,"date":"2014-12-26T16:43:46","date_gmt":"2014-12-26T16:43:46","guid":{"rendered":"http:\/\/www.bsv-meschede.de\/?p=369"},"modified":"2014-12-26T16:43:46","modified_gmt":"2014-12-26T16:43:46","slug":"der-sport-im-hsk","status":"publish","type":"post","link":"https:\/\/www.bsv-meschede.de\/?p=369","title":{"rendered":"Der Sport im HSK"},"content":{"rendered":"<p><strong>In einer Ehrungsveranstaltung unter dem Motto &#8222;Sport und Gesundheit&#8220; wurden 5 \u00dcbungsleiter f\u00fcr ihr langj\u00e4hriges <\/strong><strong>Engagemnent im Gesundheitssport ausgezeichnet.<\/strong><\/p>\n<p>&nbsp;<\/p>\n<p>Diese Veranstaltung wird vom Kreissportbund HSK und dem Landessportbund NRW im Rahmen des Programms<\/p>\n<p>&#8222;Bewegt Gesund bleiben in NRW&#8220; ausgetragen.<\/p>\n<p>Der Erste Stellvertretene Landrat Ferdi Lenze begr\u00fc\u00dfte die Preistr\u00e4ger und die Abordnungen im Sitzungssaal<\/p>\n<p>des Kreishauses.<\/p>\n<p>In der Kategorie &#8222;Soziales Engagement&#8220; wurde \u00dcbungsleiter Lothar Braukmann f\u00fcr sein langj\u00e4hriges Engagement<\/p>\n<p>f\u00fcr seine G-Judokas des BSV Meschede geehrt.<\/p>\n<p>&nbsp;<br \/>\n<a href=\"http:\/\/www.bsv-meschede.de\/wp-content\/uploads\/2014\/12\/DSC083182.jpeg\"><img loading=\"lazy\" decoding=\"async\" class=\"aligncenter size-large wp-image-385\" title=\"DSC08318\" src=\"http:\/\/www.bsv-meschede.de\/wp-content\/uploads\/2014\/12\/DSC083182-1024x572.jpg\" alt=\"\" width=\"838\" height=\"468\" srcset=\"https:\/\/www.bsv-meschede.de\/wp-content\/uploads\/2014\/12\/DSC083182-1024x572.jpg 1024w, https:\/\/www.bsv-meschede.de\/wp-content\/uploads\/2014\/12\/DSC083182-300x167.jpg 300w, https:\/\/www.bsv-meschede.de\/wp-content\/uploads\/2014\/12\/DSC083182.jpeg 1280w\" sizes=\"auto, (max-width: 838px) 100vw, 838px\" \/><\/a><\/p>\n<p>&nbsp;<\/p>\n<p>Seit 2009 arbeitet er f\u00fcr den BSV. Zuerst hat er sich administrativ um die Judo-Gruppe gek\u00fcmmert, seit 2011 ist er<\/p>\n<p>\u00dcbungsleiter im Reha-sport f\u00fcr Menschen mit einer geistigen Behinderung. In ehrenamtlicher Funktion plante und<\/p>\n<p>und organiserte er die Teilnahme der Judokas an den Special Olympics Sommerspielen in Bremen und D\u00fcsseldorf.<\/p>\n<p>Dazu kamen Teilnahmen an NRW-Landesmeisterschaften und Bethel-Athletics. Er hat Spenden gesammelt, damit<\/p>\n<p>Sportler und Betreuer an diesen Event`s teilnehmen konnten. Die Spenden wurden vor allem f\u00fcr die Fahrkosten,<\/p>\n<p>Hotelbuchungen und Verpflegung verwendet. Au\u00dferdem hat er mithilfe der Spenden den \u00dcbungsraum im &#8222;enjoy-<\/p>\n<p>Zentrum f\u00fcr Bewegung und Gesundheitsf\u00f6rderung&#8220; Meschede-Wehrstapel renoviert und neue Judomatten angeschafft.<\/p>\n<p>F\u00fcr die Judokas konnten ebenfalls neue Judo-und Trainingsanz\u00fcge gekauft werden.<\/p>\n<p>&nbsp;<\/p>\n<p>Lothar Braukmann und seine Reha-Gruppe &#8222;Gymnastik, Spiele und Judo&#8220; sind eine Einheit und in der heutigen Zeit<\/p>\n<p>ein Vorzeigemodell f\u00fcr soziales Engagement.<\/p>\n<p>&nbsp;<\/p>\n<p>&nbsp;<\/p>\n","protected":false},"excerpt":{"rendered":"<p>In einer Ehrungsveranstaltung unter dem Motto &#8222;Sport und Gesundheit&#8220; wurden 5 \u00dcbungsleiter f\u00fcr ihr langj\u00e4hriges Engagemnent im Gesundheitssport ausgezeichnet. &nbsp; Diese Veranstaltung wird vom Kreissportbund HSK und dem Landessportbund NRW im Rahmen des Programms &#8222;Bewegt Gesund bleiben in NRW&#8220; ausgetragen. Der Erste Stellvertretene Landrat Ferdi Lenze begr\u00fc\u00dfte die Preistr\u00e4ger und die Abordnungen im Sitzungssaal des [&hellip;]<\/p>\n","protected":false},"author":2,"featured_media":0,"comment_status":"closed","ping_status":"open","sticky":false,"template":"","format":"standard","meta":{"footnotes":""},"categories":[1],"tags":[],"class_list":["post-369","post","type-post","status-publish","format-standard","hentry","category-aktueles"],"_links":{"self":[{"href":"https:\/\/www.bsv-meschede.de\/index.php?rest_route=\/wp\/v2\/posts\/369","targetHints":{"allow":["GET"]}}],"collection":[{"href":"https:\/\/www.bsv-meschede.de\/index.php?rest_route=\/wp\/v2\/posts"}],"about":[{"href":"https:\/\/www.bsv-meschede.de\/index.php?rest_route=\/wp\/v2\/types\/post"}],"author":[{"embeddable":true,"href":"https:\/\/www.bsv-meschede.de\/index.php?rest_route=\/wp\/v2\/users\/2"}],"replies":[{"embeddable":true,"href":"https:\/\/www.bsv-meschede.de\/index.php?rest_route=%2Fwp%2Fv2%2Fcomments&post=369"}],"version-history":[{"count":21,"href":"https:\/\/www.bsv-meschede.de\/index.php?rest_route=\/wp\/v2\/posts\/369\/revisions"}],"predecessor-version":[{"id":395,"href":"https:\/\/www.bsv-meschede.de\/index.php?rest_route=\/wp\/v2\/posts\/369\/revisions\/395"}],"wp:attachment":[{"href":"https:\/\/www.bsv-meschede.de\/index.php?rest_route=%2Fwp%2Fv2%2Fmedia&parent=369"}],"wp:term":[{"taxonomy":"category","embeddable":true,"href":"https:\/\/www.bsv-meschede.de\/index.php?rest_route=%2Fwp%2Fv2%2Fcategories&post=369"},{"taxonomy":"post_tag","embeddable":true,"href":"https:\/\/www.bsv-meschede.de\/index.php?rest_route=%2Fwp%2Fv2%2Ftags&post=369"}],"curies":[{"name":"wp","href":"https:\/\/api.w.org\/{rel}","templated":true}]}}