{"id":1157,"date":"2023-07-15T14:39:20","date_gmt":"2023-07-15T14:39:20","guid":{"rendered":"https:\/\/www.bsv-meschede.de\/?p=1157"},"modified":"2023-07-15T14:39:20","modified_gmt":"2023-07-15T14:39:20","slug":"goldmedaille-fuer-stefanie-drescher-aus-bsv-judoka-wurde-erfolgreiche-profi-sportlerin","status":"publish","type":"post","link":"https:\/\/www.bsv-meschede.de\/?p=1157","title":{"rendered":"Goldmedaille f\u00fcr Stefanie Drescher: Aus BSV-Judoka wurde erfolgreiche Profi-Sportlerin"},"content":{"rendered":"<h4><strong><span style=\"color: #000000;\">Berlin\/Meschede. Freude, Erleichterung, Jubel: Es ist so vieles, was Stefanie Drescher in diesem Moment aus sich herausl\u00e4sst. Kein Wunder: Die 36-J\u00e4hrige hat gerade mit einer Goldmedaille bei den Special Olympics World Games in Berlin den \u2013 bisherigen \u2013 Gipfel ihrer Sportlerinnen-Laufbahn erklommen. Stefanie Drescher ist Profi-ID-Judoka &#8211; ihre sportlichen Wurzeln liegen dabei in Meschede.<\/span><\/strong><\/h4>\n<h4><strong><span style=\"color: #000000;\">ID-Judo ist die Judovariante f\u00fcr Menschen mit einer geistigen Behinderung. Seit Beginn der 1980-er Jahre besteht diese Disziplin \u2013 in Meschede hat sich die Judogruppe des Behinderten-Sportvereins (BSV) Meschede auf die Fahnen geschrieben, diesen Sport Menschen mit Handicap n\u00e4herzubringen. Dort trat Stefanie Drescher auch im Jahr 2010 erstmals auf den Tatami \u2013 so wird in der Fachsprache die Judo-Matte genannt. Dass sie fortan Pokale und Medaillen gleich reihenweise sammeln w\u00fcrde, h\u00e4tte sich die junge Frau aus Velmede wahrscheinlich nicht tr\u00e4umen lassen. \u201eKlein, nett und lustig &#8211; im Sport stark und erfolgreich\u201c: So beschreibt Lothar Braukmann, der als \u00dcbungsleiter gemeinsam mit Trainer Christoph Gmyrek die BSV-Judoka coacht, Stefanie Drescher.<\/span><\/strong><\/h4>\n<h4><span style=\"color: #000000;\"><strong>Die ersten Erfolge lie\u00dfen nicht lange auf sich warten: Schon bei ihrer ersten Einzelteilnahme an einem gr\u00f6\u00dferen Turnier, den Judo-Einzelmeisterschaften in H\u00fcckeswagen, gewann sie 2013 den Titel einer NRW-Landesmeisterin. Es folgten etliche Erfolge bei den Bethel-Athletics, NRW-Landesmeisterschaften und anderen ID-Judo-Wettbewerben. Und trotzdem: Immer wieder \u00fcberlegte Stefanie Drescher in dieser Zeit, zum Zumba-Tanz zu wechseln \u2013 \u201ewir mussten sie quasi \u00fcberreden, beim ID-Judo zu bleiben\u201c, erinnert sich Lothar Braukmann.<\/strong><\/span><\/h4>\n<h4><span style=\"color: #000000;\"><strong>Nicht nur das war vom Erfolg gekr\u00f6nt, sondern auch die weitere sportliche Laufbahn: Im Jahr 2014 stand die junge Velmederin erstmals ganz oben auf dem Treppchen. Es gab Gold bei den nationalen Special Olympics Sommerspielen in D\u00fcsseldorf \u2013 und ebenso zwei Jahre sp\u00e4ter bei Neuauflage dieses Wettbewerbs im Hannover. Hintergrund: Seit 2007 ist ID-Judo im offiziellen Wettbewerb bei den Special Olympics vertreten. Special Olympics ist die weltweit gr\u00f6\u00dfte, vom Internationalen Olympischen Komitee (IOC) offiziell anerkannten Sportbewegung f\u00fcr Menschen mit geistiger und mehrfacher Behinderung.<\/strong><\/span><\/h4>\n<h4><span style=\"color: #000000;\"><strong>Lohn der M\u00fchen: Bei der HSK-Sportgala im Jahr 2016 wurde Stefanie Drescher mit Gold ausgezeichnet; ein Jahr sp\u00e4ter gab es Silber. Die Goldmedaille bei den \u00a0nationalen Special Olympics Sommerspielen 2018 in Kiel wurde f\u00fcr die BSV-Judoka gleichzeitig zum Sprungbrett f\u00fcr den ersten Auftritt auf internationaler B\u00fchne: 2019 ging es zu den Special Olympics World Games nach Abu Dhabi. Und auch hier geht die Erfolgsserie f\u00fcr Stefanie Drescher weiter: In ihrer Klasse WK 2 &#8211; Judoka, die aufgrund ihrer Behinderung Judo-Techniken eingeschr\u00e4nkt umsetzen k\u00f6nnen &#8211; holt sie direkt die Bronzemedaille.<\/strong><\/span><\/h4>\n<h4><span style=\"color: #000000;\"><strong>Damit nicht genug: Weil in der WK 1 &#8211; Judoka die trotz ihres Handicap mit Judoka ohne Behinderung trainieren k\u00f6nnen und die Techniken gut umsetzen k\u00f6nnen \u2013 eine Judoka ausgefallen ist, geht Stefanie Drescher auch hier auf den Tatami. Der Lohn: Eine Silbermedaille \u2013 ein toller Erfolg. Ebenso konnte die junge Sauerl\u00e4nderin in diesem Jahr den Titel einer deutschen Vizemeisterin sowie den 3. Platz bei der Europameisterschaft erringen.<\/strong><\/span><\/h4>\n<h4><span style=\"color: #000000;\"><strong>\u00dcberhaupt bringt das Jahr 2019 zahlreiche Ver\u00e4nderungen mit sich: Gemeinsam mit f\u00fcnf weiteren Judokas wechselt Stefanie Drescher ins Sportleistungszentrum nach K\u00f6ln-Frechen \u2013 sie erh\u00e4lt ein Sportstipendium der Gold-Kraemer-Stiftung. Fortan ist die Sauerl\u00e4nderin damit eine Profi-Judoka, die sich ganz ihrem Sport widmen kann. Auch ihren Lebensmittelpunkt verlegt Stefanie Drescher nach Frechen und zieht dort in eine Wohngemeinschaft. Im Jahr 2023 unterst\u00fctzt Stefanie Drescher auch die Host-Town-Kampagne der Stadt Meschede: Im Rahmen des Fackellaufs, der die drei Host Towns Winterberg, Olsberg und Meschede verbindet, tr\u00e4gt sie die symbolische olympische Fackel in den Hennepark.<\/strong><\/span><\/h4>\n<h4><strong><span style=\"color: #000000;\">Und nun das ganz gro\u00dfe Ding: Bei den Special Olympics World Games in Berlin sahnen die deutschen ID-Judoka richtig ab. Gleich f\u00fcnf Goldmedaillen gibt es f\u00fcr die Athletinnen und Athleten mit dem Adler auf der Brust. Eine davon geht an Stefanie Drescher \u2013 jubelnd l\u00e4uft sie nach ihrem Finalsieg durch die Arena. Zu diesem Erfolg gratulieren auch ihre Sportfreunde und \u2013freundinnen von den BSV-Judoka \u2013 verbunden mit der Hoffnung auf die ein oder andere gemeinsame Trainingseinheit in<\/span> <span style=\"color: #000000;\">Meschede.<\/span><\/strong><\/h4>\n<p><a href=\"https:\/\/www.bsv-meschede.de\/wp-content\/uploads\/2023\/07\/IMG_0083-scaled.jpg\"><img loading=\"lazy\" decoding=\"async\" class=\"alignnone  wp-image-1164\" src=\"https:\/\/www.bsv-meschede.de\/wp-content\/uploads\/2023\/07\/IMG_0083-768x1024.jpg\" alt=\"\" width=\"348\" height=\"464\" srcset=\"https:\/\/www.bsv-meschede.de\/wp-content\/uploads\/2023\/07\/IMG_0083-768x1024.jpg 768w, https:\/\/www.bsv-meschede.de\/wp-content\/uploads\/2023\/07\/IMG_0083-225x300.jpg 225w, https:\/\/www.bsv-meschede.de\/wp-content\/uploads\/2023\/07\/IMG_0083-1152x1536.jpg 1152w, https:\/\/www.bsv-meschede.de\/wp-content\/uploads\/2023\/07\/IMG_0083-1536x2048.jpg 1536w, https:\/\/www.bsv-meschede.de\/wp-content\/uploads\/2023\/07\/IMG_0083-scaled.jpg 1920w\" sizes=\"auto, (max-width: 348px) 100vw, 348px\" \/><\/a><a href=\"https:\/\/www.bsv-meschede.de\/wp-content\/uploads\/2023\/07\/ae25db00-1668-11ee-833d-6b40312e28a7.jpg\"><img loading=\"lazy\" decoding=\"async\" class=\"alignnone  wp-image-1165\" src=\"https:\/\/www.bsv-meschede.de\/wp-content\/uploads\/2023\/07\/ae25db00-1668-11ee-833d-6b40312e28a7-1024x768.jpg\" alt=\"\" width=\"620\" height=\"465\" srcset=\"https:\/\/www.bsv-meschede.de\/wp-content\/uploads\/2023\/07\/ae25db00-1668-11ee-833d-6b40312e28a7-1024x768.jpg 1024w, https:\/\/www.bsv-meschede.de\/wp-content\/uploads\/2023\/07\/ae25db00-1668-11ee-833d-6b40312e28a7-300x225.jpg 300w, https:\/\/www.bsv-meschede.de\/wp-content\/uploads\/2023\/07\/ae25db00-1668-11ee-833d-6b40312e28a7-768x576.jpg 768w, https:\/\/www.bsv-meschede.de\/wp-content\/uploads\/2023\/07\/ae25db00-1668-11ee-833d-6b40312e28a7.jpg 1200w\" sizes=\"auto, (max-width: 620px) 100vw, 620px\" \/><\/a><\/p>\n<h4 class=\"news-text-wrap\"><strong><span style=\"color: #000000;\">Meschede\/Bestwig. Eine besondere W\u00fcrdigung f\u00fcr eine au\u00dfergew\u00f6hnliche Leistung: Die Profi-ID-Judoka Stefanie Drescher erhielt jetzt gemeinsame Gl\u00fcckw\u00fcnsche der beiden B\u00fcrgermeister Christoph Weber (Meschede) und Ralf P\u00e9us (Bestwig). Bei den Special Olympics World Games in Berlin hatte Stefanie Drescher im Juni die Goldmedaille im ID-Judo erreicht.<\/span><span style=\"color: #000000;\">\u201eEine Goldmedaille ist sicher die h\u00f6chste Auszeichnung, die man als Sportlerin oder als Sportler bekommen kann\u201c, so Christoph Weber. Mindestens genau so wichtig wie der sportliche Erfolg sei aber das Zeichen in die Gesellschaft hinein, erg\u00e4nzt Ralf P\u00e9us: \u201eNicht ein Handicap macht einen Menschen besonders \u2013 besonders macht ihn, dass er sich einbringt.\u201c Das sei schlie\u00dflich auch der Grundgedanke der Inklusion: Die gleichberechtige Teilhabe aller Menschen. Deutlich wird das auch in der Aufschrift der Goldmedaille, die Stefanie Drescher in Berlin bekommen hat: \u201e#unbeatable\u201c und \u201ctogether\u201c \u2013 \u201eunschlagbar\u201c und \u201egemeinsam\u201c.<\/span><span style=\"color: #000000;\">Seit 2019 lebt Stefanie Drescher in Frechen bei K\u00f6ln. Im dortigen Sportleistungszentrum kann sie sich dank eines Stipendiums der Gold-Kraemer-Stiftung ganz ihrem Sport widmen. Aufgewachsen ist die 36-J\u00e4hrige in Bestwig-Velmede; ihre sportlichen Wurzeln liegen beim Behinderten-Sport-Verein (BSV) Meschede, wo sie im Jahr 2010 erstmals mit dem ID-Judo \u2013 der Judo-Variante f\u00fcr Menschen mit Handicap \u2013 in Ber\u00fchrung kam.<\/span><span style=\"color: #000000;\">Deshalb sprach B\u00fcrgermeister Weber ein besonderes Dankesch\u00f6n dem BSV-Team um die Trainer Lothar Brauckmann und Christoph Gmyrek aus. Auch sie h\u00e4tten einen Anteil an der Goldmedaille \u2013 \u201eund ebenso alle Menschen, die beim BSV Meschede Sport treiben.\u201c<\/span><\/strong><\/h4>\n<p><a href=\"https:\/\/www.bsv-meschede.de\/wp-content\/uploads\/2023\/07\/csm_23_07_12_Goldmedaille_01_975c77a064.jpg\"><img loading=\"lazy\" decoding=\"async\" class=\"alignnone  wp-image-1167\" src=\"https:\/\/www.bsv-meschede.de\/wp-content\/uploads\/2023\/07\/csm_23_07_12_Goldmedaille_01_975c77a064.jpg\" alt=\"\" width=\"516\" height=\"515\" srcset=\"https:\/\/www.bsv-meschede.de\/wp-content\/uploads\/2023\/07\/csm_23_07_12_Goldmedaille_01_975c77a064.jpg 800w, https:\/\/www.bsv-meschede.de\/wp-content\/uploads\/2023\/07\/csm_23_07_12_Goldmedaille_01_975c77a064-300x300.jpg 300w, https:\/\/www.bsv-meschede.de\/wp-content\/uploads\/2023\/07\/csm_23_07_12_Goldmedaille_01_975c77a064-150x150.jpg 150w, https:\/\/www.bsv-meschede.de\/wp-content\/uploads\/2023\/07\/csm_23_07_12_Goldmedaille_01_975c77a064-768x767.jpg 768w\" sizes=\"auto, (max-width: 516px) 100vw, 516px\" \/><\/a><a href=\"https:\/\/www.bsv-meschede.de\/wp-content\/uploads\/2023\/07\/IMG_2955-scaled.jpg\"><img loading=\"lazy\" decoding=\"async\" class=\"alignnone  wp-image-1168\" src=\"https:\/\/www.bsv-meschede.de\/wp-content\/uploads\/2023\/07\/IMG_2955-768x1024.jpg\" alt=\"\" width=\"386\" height=\"514\" srcset=\"https:\/\/www.bsv-meschede.de\/wp-content\/uploads\/2023\/07\/IMG_2955-768x1024.jpg 768w, https:\/\/www.bsv-meschede.de\/wp-content\/uploads\/2023\/07\/IMG_2955-225x300.jpg 225w, https:\/\/www.bsv-meschede.de\/wp-content\/uploads\/2023\/07\/IMG_2955-1152x1536.jpg 1152w, https:\/\/www.bsv-meschede.de\/wp-content\/uploads\/2023\/07\/IMG_2955-1536x2048.jpg 1536w, https:\/\/www.bsv-meschede.de\/wp-content\/uploads\/2023\/07\/IMG_2955-scaled.jpg 1920w\" sizes=\"auto, (max-width: 386px) 100vw, 386px\" \/><\/a><\/p>\n","protected":false},"excerpt":{"rendered":"<p>Berlin\/Meschede. Freude, Erleichterung, Jubel: Es ist so vieles, was Stefanie Drescher in diesem Moment aus sich herausl\u00e4sst. Kein Wunder: Die 36-J\u00e4hrige hat gerade mit einer Goldmedaille bei den Special Olympics World Games in Berlin den \u2013 bisherigen \u2013 Gipfel ihrer Sportlerinnen-Laufbahn erklommen. Stefanie Drescher ist Profi-ID-Judoka &#8211; ihre sportlichen Wurzeln liegen dabei in Meschede. ID-Judo [&hellip;]<\/p>\n","protected":false},"author":2,"featured_media":0,"comment_status":"closed","ping_status":"open","sticky":false,"template":"","format":"standard","meta":{"footnotes":""},"categories":[1],"tags":[],"class_list":["post-1157","post","type-post","status-publish","format-standard","hentry","category-aktueles"],"_links":{"self":[{"href":"https:\/\/www.bsv-meschede.de\/index.php?rest_route=\/wp\/v2\/posts\/1157","targetHints":{"allow":["GET"]}}],"collection":[{"href":"https:\/\/www.bsv-meschede.de\/index.php?rest_route=\/wp\/v2\/posts"}],"about":[{"href":"https:\/\/www.bsv-meschede.de\/index.php?rest_route=\/wp\/v2\/types\/post"}],"author":[{"embeddable":true,"href":"https:\/\/www.bsv-meschede.de\/index.php?rest_route=\/wp\/v2\/users\/2"}],"replies":[{"embeddable":true,"href":"https:\/\/www.bsv-meschede.de\/index.php?rest_route=%2Fwp%2Fv2%2Fcomments&post=1157"}],"version-history":[{"count":12,"href":"https:\/\/www.bsv-meschede.de\/index.php?rest_route=\/wp\/v2\/posts\/1157\/revisions"}],"predecessor-version":[{"id":1173,"href":"https:\/\/www.bsv-meschede.de\/index.php?rest_route=\/wp\/v2\/posts\/1157\/revisions\/1173"}],"wp:attachment":[{"href":"https:\/\/www.bsv-meschede.de\/index.php?rest_route=%2Fwp%2Fv2%2Fmedia&parent=1157"}],"wp:term":[{"taxonomy":"category","embeddable":true,"href":"https:\/\/www.bsv-meschede.de\/index.php?rest_route=%2Fwp%2Fv2%2Fcategories&post=1157"},{"taxonomy":"post_tag","embeddable":true,"href":"https:\/\/www.bsv-meschede.de\/index.php?rest_route=%2Fwp%2Fv2%2Ftags&post=1157"}],"curies":[{"name":"wp","href":"https:\/\/api.w.org\/{rel}","templated":true}]}}