{"id":1143,"date":"2023-07-14T17:35:49","date_gmt":"2023-07-14T17:35:49","guid":{"rendered":"https:\/\/www.bsv-meschede.de\/?p=1143"},"modified":"2023-07-15T14:14:09","modified_gmt":"2023-07-15T14:14:09","slug":"hosttowntage-im-sauerland","status":"publish","type":"post","link":"https:\/\/www.bsv-meschede.de\/?p=1143","title":{"rendered":"&#8222;Hosttowntage im Sauerland&#8220;"},"content":{"rendered":"<h3><span style=\"color: #000000;\"><strong>Im Rahmen der &#8222;Special Olympics World Games&#8220; in Berlin machte sich am Samstag den 06.05.2023 im Sauerland ein Hauch von &#8222;Olympia&#8220; breit. Symbolisch wurde das &#8222;Olympische Feuer&#8220; bei einem Fackellauf von Winterberg \u00fcber Olsberg, Bestwig nach Meschede getragen.<\/strong><\/span><\/h3>\n<h3><span style=\"color: #000000;\"><strong>Unter dem Motto&#8220;zusammen unschlagbar&#8220; brachten ca.100 Sportler mit und ohne Handicap die &#8222;Fackel&#8220; \u00fcber eine Distanz von fast 50 km zum Endziel.<\/strong><\/span><\/h3>\n<h3><span style=\"color: #000000;\"><strong>Auf der letzten Etappe von Bestwig nach Meschede machten sich die Judoka des BSV Meschede, begleitet von einigen L\u00e4ufern des TUS Velmede\/Bestwig und 2 behinderten gerechten Dreir\u00e4dern auf dem Weg. P\u00fcnktlich in der Mescheder Innenstadt angekommen, wurden die Sportler von der &#8222;Percussiongruppe &#8222;Sambadu&#8220; und einer ukrainischen Kindergruppe mit Blumen in Empfang genommen und zum Hennepark begleitet. Am Hennepark angekommen wurde das Stadtfest&#8220;Henne in Flammen&#8220; durch das Anz\u00fcnden des Olympischen Feuer durch einen Menschen mit Handicap er\u00f6ffnet.<\/strong><\/span><\/h3>\n<p><a href=\"https:\/\/www.bsv-meschede.de\/wp-content\/uploads\/2023\/07\/Host_Town_Fackellauf_6.Mai-2023-143-scaled.jpg\"><img loading=\"lazy\" decoding=\"async\" class=\"alignnone  wp-image-1152\" src=\"https:\/\/www.bsv-meschede.de\/wp-content\/uploads\/2023\/07\/Host_Town_Fackellauf_6.Mai-2023-143-1024x653.jpg\" alt=\"\" width=\"1064\" height=\"678\" srcset=\"https:\/\/www.bsv-meschede.de\/wp-content\/uploads\/2023\/07\/Host_Town_Fackellauf_6.Mai-2023-143-1024x653.jpg 1024w, https:\/\/www.bsv-meschede.de\/wp-content\/uploads\/2023\/07\/Host_Town_Fackellauf_6.Mai-2023-143-300x191.jpg 300w, https:\/\/www.bsv-meschede.de\/wp-content\/uploads\/2023\/07\/Host_Town_Fackellauf_6.Mai-2023-143-768x490.jpg 768w, https:\/\/www.bsv-meschede.de\/wp-content\/uploads\/2023\/07\/Host_Town_Fackellauf_6.Mai-2023-143-1536x979.jpg 1536w, https:\/\/www.bsv-meschede.de\/wp-content\/uploads\/2023\/07\/Host_Town_Fackellauf_6.Mai-2023-143-2048x1306.jpg 2048w\" sizes=\"auto, (max-width: 1064px) 100vw, 1064px\" \/><\/a><\/p>\n<p><a href=\"https:\/\/www.bsv-meschede.de\/wp-content\/uploads\/2023\/07\/Host_Town_Fackellauf_6.Mai-2023-197-scaled.jpg\"><img loading=\"lazy\" decoding=\"async\" class=\"wp-image-1153 aligncenter\" src=\"https:\/\/www.bsv-meschede.de\/wp-content\/uploads\/2023\/07\/Host_Town_Fackellauf_6.Mai-2023-197-300x265.jpg\" alt=\"\" width=\"414\" height=\"366\" srcset=\"https:\/\/www.bsv-meschede.de\/wp-content\/uploads\/2023\/07\/Host_Town_Fackellauf_6.Mai-2023-197-300x265.jpg 300w, https:\/\/www.bsv-meschede.de\/wp-content\/uploads\/2023\/07\/Host_Town_Fackellauf_6.Mai-2023-197-1024x904.jpg 1024w, https:\/\/www.bsv-meschede.de\/wp-content\/uploads\/2023\/07\/Host_Town_Fackellauf_6.Mai-2023-197-768x678.jpg 768w, https:\/\/www.bsv-meschede.de\/wp-content\/uploads\/2023\/07\/Host_Town_Fackellauf_6.Mai-2023-197-1536x1356.jpg 1536w, https:\/\/www.bsv-meschede.de\/wp-content\/uploads\/2023\/07\/Host_Town_Fackellauf_6.Mai-2023-197-2048x1807.jpg 2048w\" sizes=\"auto, (max-width: 414px) 100vw, 414px\" \/><\/a><\/p>\n<h3><span style=\"color: #000000;\"><strong>Im Zuge des &#8222;Hosttown-Programm&#8220; wurde die Delegation aus Burundi nach der Ankunft am 12.6. vom Frankfurter Flughafen abgeholt.<\/strong><\/span><\/h3>\n<h3><span style=\"color: #000000;\"><strong>Am Folgetag wurde die Delegation im Rathaus offiziell vom B\u00fcrgermeister Christoph Weber, Landrat Dr. Karl Schneider, Special Olympics NRW Herr Stiers, Ferdi Lenze, Gisela Bartsch, Dorothee H\u00fcster, Sebastian N\u00f6ckel (Torfabrik) und Lothar Braukmann (BSV Meschede) begr\u00fc\u00dft.<\/strong><\/span><\/h3>\n<h3><strong><span style=\"color: #0000ff;\">&#8222;Der Sport steht f\u00fcr Begegnungen, Fairness und Respekt. Das ist wichtig f\u00fcr das Zusammenleben von Menschen. Es muss normal sein, dass alle Menschen die gleiche Teilhabe am Leben haben&#8220;<\/span>,<span style=\"color: #000000;\"> so die Worte von Christoph Weber, B\u00fcrgermeister von Meschede.<\/span><\/strong><\/h3>\n<h3><a href=\"https:\/\/www.bsv-meschede.de\/wp-content\/uploads\/2023\/07\/23_06_15_Burundi_01.jpg\"><img loading=\"lazy\" decoding=\"async\" class=\"aligncenter size-full wp-image-1154\" src=\"https:\/\/www.bsv-meschede.de\/wp-content\/uploads\/2023\/07\/23_06_15_Burundi_01.jpg\" alt=\"\" width=\"850\" height=\"567\" srcset=\"https:\/\/www.bsv-meschede.de\/wp-content\/uploads\/2023\/07\/23_06_15_Burundi_01.jpg 850w, https:\/\/www.bsv-meschede.de\/wp-content\/uploads\/2023\/07\/23_06_15_Burundi_01-300x200.jpg 300w, https:\/\/www.bsv-meschede.de\/wp-content\/uploads\/2023\/07\/23_06_15_Burundi_01-768x512.jpg 768w\" sizes=\"auto, (max-width: 850px) 100vw, 850px\" \/><\/a><\/h3>\n<h3><span style=\"color: #000000;\"><strong>Mit der Unterst\u00fctzung des SSV Meschede war am Nachmittag ein gemeinsamer Tanz,Spiel und Sportnachmittag organisiert worden. <\/strong><\/span><\/h3>\n<h3><span style=\"color: #000000;\"><strong>Nicht nur die Sch\u00fcler des St\u00e4dttischen Gymnasium, auch die Fu\u00dfballer der Torfabrik und die Judoka des BSV Meschede sowie unsere G\u00e4ste hatten trotz Hitze viel Spa\u00df an den Aktionen. Das Highlight waren 2 Laufduelle zwischen den G\u00e4sten aus Burundi und Sportler\/innen von der Torfabrik und des BSV Meschede. Ein gelungener Nachmittag der hoffentlich im Sinne von Inklusion wiederholt werden sollte.<\/strong><\/span><\/h3>\n<p><a href=\"https:\/\/www.bsv-meschede.de\/wp-content\/uploads\/2023\/07\/IMG_20230613_181339062_HDR-Kopiert-scaled.jpg\"><img loading=\"lazy\" decoding=\"async\" class=\"aligncenter size-large wp-image-1155\" src=\"https:\/\/www.bsv-meschede.de\/wp-content\/uploads\/2023\/07\/IMG_20230613_181339062_HDR-Kopiert-1024x769.jpg\" alt=\"\" width=\"1024\" height=\"769\" srcset=\"https:\/\/www.bsv-meschede.de\/wp-content\/uploads\/2023\/07\/IMG_20230613_181339062_HDR-Kopiert-1024x769.jpg 1024w, https:\/\/www.bsv-meschede.de\/wp-content\/uploads\/2023\/07\/IMG_20230613_181339062_HDR-Kopiert-300x225.jpg 300w, https:\/\/www.bsv-meschede.de\/wp-content\/uploads\/2023\/07\/IMG_20230613_181339062_HDR-Kopiert-768x577.jpg 768w, https:\/\/www.bsv-meschede.de\/wp-content\/uploads\/2023\/07\/IMG_20230613_181339062_HDR-Kopiert-1536x1153.jpg 1536w, https:\/\/www.bsv-meschede.de\/wp-content\/uploads\/2023\/07\/IMG_20230613_181339062_HDR-Kopiert-2048x1538.jpg 2048w\" sizes=\"auto, (max-width: 1024px) 100vw, 1024px\" \/><\/a><\/p>\n","protected":false},"excerpt":{"rendered":"<p>Im Rahmen der &#8222;Special Olympics World Games&#8220; in Berlin machte sich am Samstag den 06.05.2023 im Sauerland ein Hauch von &#8222;Olympia&#8220; breit. Symbolisch wurde das &#8222;Olympische Feuer&#8220; bei einem Fackellauf von Winterberg \u00fcber Olsberg, Bestwig nach Meschede getragen. Unter dem Motto&#8220;zusammen unschlagbar&#8220; brachten ca.100 Sportler mit und ohne Handicap die &#8222;Fackel&#8220; \u00fcber eine Distanz von [&hellip;]<\/p>\n","protected":false},"author":2,"featured_media":0,"comment_status":"closed","ping_status":"open","sticky":false,"template":"","format":"standard","meta":{"footnotes":""},"categories":[1],"tags":[],"class_list":["post-1143","post","type-post","status-publish","format-standard","hentry","category-aktueles"],"_links":{"self":[{"href":"https:\/\/www.bsv-meschede.de\/index.php?rest_route=\/wp\/v2\/posts\/1143","targetHints":{"allow":["GET"]}}],"collection":[{"href":"https:\/\/www.bsv-meschede.de\/index.php?rest_route=\/wp\/v2\/posts"}],"about":[{"href":"https:\/\/www.bsv-meschede.de\/index.php?rest_route=\/wp\/v2\/types\/post"}],"author":[{"embeddable":true,"href":"https:\/\/www.bsv-meschede.de\/index.php?rest_route=\/wp\/v2\/users\/2"}],"replies":[{"embeddable":true,"href":"https:\/\/www.bsv-meschede.de\/index.php?rest_route=%2Fwp%2Fv2%2Fcomments&post=1143"}],"version-history":[{"count":5,"href":"https:\/\/www.bsv-meschede.de\/index.php?rest_route=\/wp\/v2\/posts\/1143\/revisions"}],"predecessor-version":[{"id":1156,"href":"https:\/\/www.bsv-meschede.de\/index.php?rest_route=\/wp\/v2\/posts\/1143\/revisions\/1156"}],"wp:attachment":[{"href":"https:\/\/www.bsv-meschede.de\/index.php?rest_route=%2Fwp%2Fv2%2Fmedia&parent=1143"}],"wp:term":[{"taxonomy":"category","embeddable":true,"href":"https:\/\/www.bsv-meschede.de\/index.php?rest_route=%2Fwp%2Fv2%2Fcategories&post=1143"},{"taxonomy":"post_tag","embeddable":true,"href":"https:\/\/www.bsv-meschede.de\/index.php?rest_route=%2Fwp%2Fv2%2Ftags&post=1143"}],"curies":[{"name":"wp","href":"https:\/\/api.w.org\/{rel}","templated":true}]}}